{"id":307,"__str__":"Parecer - Parecer conjunto de 16/09/2025 por COMISS\u00c3O DE CONSTITUI\u00c7\u00c3O, JUSTI\u00c7A E LEGISLA\u00c7\u00c3O; COMISS\u00c3O DE SA\u00daDE, ASSIST\u00caNCIA SOCIAL E MEIO AMBIENTE","link_detail_backend":"/materia/documentoacessorio/307","metadata":{},"nome":"Parecer conjunto","data":"2025-09-16","autor":"COMISS\u00c3O DE CONSTITUI\u00c7\u00c3O, JUSTI\u00c7A E LEGISLA\u00c7\u00c3O; COMISS\u00c3O DE SA\u00daDE, ASSIST\u00caNCIA SOCIAL E MEIO AMBIENTE","ementa":"","indexacao":"","arquivo":"http://sapl.entreriosdeminas.mg.leg.br/media/sapl/public/documentoacessorio/2025/307/parecer.pdf","data_ultima_atualizacao":"2025-09-24T10:52:26.076540-03:00","materia":2921,"tipo":8}