{"id":433,"__str__":"Plano de Trabalho - XXIX FESTA DO TRABALHADOR DA RUA DO FOGO de 28/04/2026 por ASSOCIA\u00c7\u00c3O COMUNIT\u00c1RIA DE S\u00c3O JOS\u00c9 DAS NEVES","link_detail_backend":"/materia/documentoacessorio/433","metadata":{},"nome":"XXIX FESTA DO TRABALHADOR DA RUA DO FOGO","data":"2026-04-28","autor":"ASSOCIA\u00c7\u00c3O COMUNIT\u00c1RIA DE S\u00c3O JOS\u00c9 DAS NEVES","ementa":"XXIX FESTA DO TRABALHADOR E XX DESFILE DE CARROS DE BOI DA RUA DO FOGO","indexacao":"","arquivo":"http://sapl.entreriosdeminas.mg.leg.br/media/sapl/public/documentoacessorio/2026/433/plano_de_trabalho_rua_do_fogo_2026.pdf","data_ultima_atualizacao":"2026-04-28T12:53:05.461140-03:00","materia":3197,"tipo":11}