{"id":1160,"__str__":"Pronunciamento n\u00ba 46 de 2022","link_detail_backend":"/materia/1160","metadata":{},"numero":46,"ano":2022,"numero_protocolo":null,"data_apresentacao":"2022-11-01","tipo_apresentacao":"O","data_publicacao":null,"numero_origem_externa":"","ano_origem_externa":null,"data_origem_externa":null,"apelido":"","dias_prazo":null,"data_fim_prazo":null,"em_tramitacao":false,"polemica":false,"objeto":"","complementar":false,"ementa":"A escolha da nova Secret\u00e1ria de Sa\u00fade foi motivo do vereador parabenizar o Executivo Municipal. Segundo ele, a nova secret\u00e1ria \u00e9 uma pessoa \u201cs\u00e1bia e humilde, que custou a estudar devido \u00e0s suas condi\u00e7\u00f5es financeiras. Hoje fico at\u00e9 arrepiado dela chegar onde ela chegou. Foi uma \u00f3tima escolha do Prefeito\u201d, destaca.","indexacao":"Secret\u00e1ria de Sa\u00fade, reconhecimento","observacao":"","resultado":"","texto_original":null,"data_ultima_atualizacao":"2022-11-16T10:18:50.883162-03:00","ip":"179.108.234.95","ultima_edicao":"2022-11-16T10:17:25.213208-03:00","tipo":10,"regime_tramitacao":1,"tipo_origem_externa":null,"local_origem_externa":null,"user":15,"anexadas":[],"autores":[34]}