{"id":1165,"__str__":"Pronunciamento n\u00ba 51 de 2022","link_detail_backend":"/materia/1165","metadata":{},"numero":51,"ano":2022,"numero_protocolo":null,"data_apresentacao":"2022-11-01","tipo_apresentacao":"O","data_publicacao":null,"numero_origem_externa":"","ano_origem_externa":null,"data_origem_externa":null,"apelido":"","dias_prazo":null,"data_fim_prazo":null,"em_tramitacao":false,"polemica":false,"objeto":"","complementar":false,"ementa":"Rodrigo de Paula relatou que recebeu reclama\u00e7\u00f5es de moradores que procuraram transporte para tratamento e foram informados pelos funcion\u00e1rios que n\u00e3o era poss\u00edvel pelo fato dos vereadores terem tirado as horas extras de motoristas. \r\nO vereador esclareceu que cobraram do Executivo condi\u00e7\u00f5es de trabalho para todos, j\u00e1 que na \u00e9poca existia o desmazelo com as horas extras (alguns recebiam e n\u00e3o estavam trabalhando). Portanto, se faltam carro e condi\u00e7\u00e3o, n\u00e3o \u00e9 por tal cobran\u00e7a feita pelos vereadores referente \u00e0s horas extras.\r\nThiago Itamar completou que o Poder Legislativo n\u00e3o tem o poder de cortar hora extra de ningu\u00e9m. Os vereadores pediram para cortar as irregularidades.","indexacao":"hora extra, motoristas, transporte p\u00fablico","observacao":"","resultado":"","texto_original":null,"data_ultima_atualizacao":"2022-11-16T10:42:16.980234-03:00","ip":"179.108.234.95","ultima_edicao":"2022-11-16T10:41:00.545064-03:00","tipo":10,"regime_tramitacao":1,"tipo_origem_externa":null,"local_origem_externa":null,"user":15,"anexadas":[],"autores":[35]}