{"id":1275,"__str__":"Indica\u00e7\u00e3o n\u00ba 12 de 2023","link_detail_backend":"/materia/1275","metadata":{},"numero":12,"ano":2023,"numero_protocolo":null,"data_apresentacao":"2023-01-06","tipo_apresentacao":"E","data_publicacao":null,"numero_origem_externa":"","ano_origem_externa":null,"data_origem_externa":null,"apelido":"","dias_prazo":null,"data_fim_prazo":null,"em_tramitacao":false,"polemica":false,"objeto":"","complementar":false,"ementa":"Solicita que este Executivo Municipal possa realizar a implementa\u00e7\u00e3o de esc\u00f3ria numa via rural da comunidade da Pedra Negra, sentido a cachoeira no local, bem como a troca da manilha de escoamento d\u2019\u00e1gua deste local.\r\nTal a\u00e7\u00e3o justifica-se atrav\u00e9s da demanda apresentada pela popula\u00e7\u00e3o local, que alega que pelo local passa um c\u00f3rrego, e que devido ao volume de chuvas que atingiram o nosso Munic\u00edpio nos \u00faltimos dias, a manilha instalada n\u00e3o est\u00e1 suportando o volume d\u2019\u00e1gua, o que tem causado o desbarrancar da via, e consequentemente tem comprometido a sua trafegabilidade.\r\nAdemais, trata-se de um local utilizado pelo transporte escolar, o que deve ser levado em considera\u00e7\u00e3o para uma manuten\u00e7\u00e3o imediata, haja vista o retorno do calend\u00e1rio escolar no pr\u00f3ximo m\u00eas.","indexacao":"implementa\u00e7\u00e3o, esc\u00f3ria, estrada rural, Pedra Negra, troca de manilha, manuten\u00e7\u00e3o","observacao":"","resultado":"","texto_original":"http://sapl.entreriosdeminas.mg.leg.br/media/sapl/public/materialegislativa/2023/1275/indicacao_no_12-2023.pdf","data_ultima_atualizacao":"2023-02-28T08:09:10.400235-03:00","ip":"179.108.234.95","ultima_edicao":"2023-02-28T08:07:32.716361-03:00","tipo":8,"regime_tramitacao":1,"tipo_origem_externa":null,"local_origem_externa":null,"user":15,"anexadas":[],"autores":[19]}