{"id":1278,"__str__":"Indica\u00e7\u00e3o n\u00ba 15 de 2023","link_detail_backend":"/materia/1278","metadata":{},"numero":15,"ano":2023,"numero_protocolo":null,"data_apresentacao":"2023-01-10","tipo_apresentacao":"E","data_publicacao":null,"numero_origem_externa":"","ano_origem_externa":null,"data_origem_externa":null,"apelido":"","dias_prazo":null,"data_fim_prazo":null,"em_tramitacao":false,"polemica":false,"objeto":"","complementar":false,"ementa":"Solicita que este Executivo Municipal realize em conjunto com o DER-MG a limpeza das margens da rodovia MG-383, trecho que compreende entre a zona urbana do nosso Munic\u00edpio at\u00e9 o bairro Castro.\r\nComo \u00e9 de conhecimento m\u00fatuo, o DER-MG tem a compet\u00eancia e o dever de zelar pela manuten\u00e7\u00e3o da rodovia, entretanto, a indica\u00e7\u00e3o busca uma parceria entre esta institui\u00e7\u00e3o e o Executivo Municipal.\r\nNeste sentido, primeiramente solicita-se a limpeza do local e posteriormente que seja realizada uma ampla campanha de conscientiza\u00e7\u00e3o aos motoristas e demais utilit\u00e1rios da via, realizada atrav\u00e9s de palestras nas escolas, bem como a instala\u00e7\u00e3o de placas de sinaliza\u00e7\u00e3o no decorrer deste trecho, informando que o descarte de res\u00edduos s\u00f3lidos no local \u00e9 infra\u00e7\u00e3o prevista no C\u00f3digo de Tr\u00e2nsito Brasileiro, onde o autor da infra\u00e7\u00e3o deve ser multado.  \r\nAl\u00e9m disso, a preocupa\u00e7\u00e3o com a situa\u00e7\u00e3o abarca a princ\u00edpio a quest\u00e3o ambiental, pois este descarte incorreto de lixo impacta diretamente no meio ambiente.","indexacao":"DER-MG, limpeza, MG-383, manuten\u00e7\u00e3o, rodovia","observacao":"","resultado":"","texto_original":"http://sapl.entreriosdeminas.mg.leg.br/media/sapl/public/materialegislativa/2023/1278/indicacao_no_15-2023.pdf","data_ultima_atualizacao":"2023-02-28T08:21:39.463320-03:00","ip":"179.108.234.95","ultima_edicao":"2023-02-28T08:18:26.344488-03:00","tipo":8,"regime_tramitacao":1,"tipo_origem_externa":null,"local_origem_externa":null,"user":15,"anexadas":[],"autores":[18]}