{"id":1291,"__str__":"Indica\u00e7\u00e3o n\u00ba 28 de 2023","link_detail_backend":"/materia/1291","metadata":{},"numero":28,"ano":2023,"numero_protocolo":null,"data_apresentacao":"2023-01-13","tipo_apresentacao":"E","data_publicacao":null,"numero_origem_externa":"","ano_origem_externa":null,"data_origem_externa":null,"apelido":"","dias_prazo":null,"data_fim_prazo":null,"em_tramitacao":false,"polemica":false,"objeto":"","complementar":false,"ementa":"Solicita a manuten\u00e7\u00e3o paliativa de todas as estradas rurais de nosso Munic\u00edpio, com a implementa\u00e7\u00e3o de cascalho ou esc\u00f3ria, em seus pontos mais cr\u00edticos, oriundos das reclama\u00e7\u00f5es dos usu\u00e1rios.\r\nA a\u00e7\u00e3o justifica-se pela condi\u00e7\u00e3o atual destas vias, o que tem prejudicado o direito de ir e vir daqueles que necessitam de transitar por tais estradas.\r\nVale ressaltar que a atual situa\u00e7\u00e3o dessas vias al\u00e9m de restringir o direito de ir e vir dos mun\u00edcipes tamb\u00e9m prejudica diretamente a atividade econ\u00f4mica do homem do campo, atrapalhando a escoa\u00e7\u00e3o da produ\u00e7\u00e3o agr\u00edcola, al\u00e9m de estarem impedidos de desfrutar dos servi\u00e7os de sa\u00fade necess\u00e1rios, que s\u00e3o t\u00e3o importantes para nossa popula\u00e7\u00e3o.\r\nAssim sugere-se de imediato a manuten\u00e7\u00e3o das vias de acesso \u00e0s comunidades do Brumadinho, Montijo, Coelhos, Serra do Camapu\u00e3, Olhos D\u2019\u00e1gua, Camapu\u00e3, Mata dos Pachecos, Col\u00f4nia, Bem Quer\u00eancia, Gamb\u00e1, Sap\u00e9, Pedra Negra, Rua do Fogo, Madruga da Pedra, Vargem da Alegria, Ponte Funda, Campo da Chave, \u00c1gua Limpa, etc.","indexacao":"manuten\u00e7\u00e3o, estradas rurais, cascalho ou esc\u00f3ria","observacao":"","resultado":"","texto_original":"http://sapl.entreriosdeminas.mg.leg.br/media/sapl/public/materialegislativa/2023/1291/indicacao_no_28-2023.pdf","data_ultima_atualizacao":"2023-02-28T09:50:47.465086-03:00","ip":"179.108.234.95","ultima_edicao":"2023-02-28T09:50:47.298933-03:00","tipo":8,"regime_tramitacao":1,"tipo_origem_externa":null,"local_origem_externa":null,"user":15,"anexadas":[],"autores":[16]}