{"id":1296,"__str__":"Indica\u00e7\u00e3o n\u00ba 33 de 2023","link_detail_backend":"/materia/1296","metadata":{},"numero":33,"ano":2023,"numero_protocolo":null,"data_apresentacao":"2023-01-17","tipo_apresentacao":"E","data_publicacao":null,"numero_origem_externa":"","ano_origem_externa":null,"data_origem_externa":null,"apelido":"","dias_prazo":null,"data_fim_prazo":null,"em_tramitacao":false,"polemica":false,"objeto":"","complementar":false,"ementa":"Solicita que seja reajustado o piso salarial dos professores, conforme anunciado pelo MEC no dia de hoje, atrav\u00e9s do Ministro da Educa\u00e7\u00e3o, Exmo. Sr. Camilo Santana. Com isso, a categoria passar\u00e1 a ter um novo piso salarial, que aumenta seus vencimentos em 14,94%, passando o sal\u00e1rio base de R$ 3.845,63 (tr\u00eas mil oitocentos e quarenta e cinco reais e sessenta e tr\u00eas centavos) valor antigo, ao valor de R$ 4.420,55 (quatro mil, quatrocentos e vinte reais e cinquenta e cinco centavos). Entretanto, deve ser levado em considera\u00e7\u00e3o o valor sobre a  proporcionalidade de horas trabalhadas, conforme disp\u00f5e o cargo municipal.\r\nAssim frisa-se a import\u00e2ncia que os professores possuem em nossa sociedade, sendo eles pe\u00e7a fundamental na educa\u00e7\u00e3o, al\u00e9m de contribuir na forma\u00e7\u00e3o acad\u00eamica de nossas crian\u00e7as, jovens e adultos, os mesmos contribuem para a evolu\u00e7\u00e3o de seus alunos como indiv\u00edduo dentro de nossa sociedade, pois proporcionam a eles experi\u00eancias que v\u00e3o al\u00e9m do \u00e2mbito intelectual.","indexacao":"piso salarial dos professores, MEC, Ministro da Educa\u00e7\u00e3o, reajuste","observacao":"","resultado":"","texto_original":"http://sapl.entreriosdeminas.mg.leg.br/media/sapl/public/materialegislativa/2023/1296/indicacao_no_33-2023.pdf","data_ultima_atualizacao":"2023-02-28T10:45:16.800782-03:00","ip":"179.108.234.95","ultima_edicao":"2023-02-28T10:41:55.131239-03:00","tipo":8,"regime_tramitacao":1,"tipo_origem_externa":null,"local_origem_externa":null,"user":15,"anexadas":[],"autores":[16,19,30]}