{"id":144,"__str__":"Indica\u00e7\u00e3o n\u00ba 42 de 2018","link_detail_backend":"/materia/144","metadata":{},"numero":42,"ano":2018,"numero_protocolo":null,"data_apresentacao":"2018-03-01","tipo_apresentacao":"","data_publicacao":null,"numero_origem_externa":"","ano_origem_externa":null,"data_origem_externa":null,"apelido":"","dias_prazo":null,"data_fim_prazo":null,"em_tramitacao":true,"polemica":null,"objeto":"","complementar":null,"ementa":"O VEREADOR QUE A ESTA SUBSCREVE, NO USO DE SUAS ATRIBUI\u00c7\u00d5ES LEGAIS, VEM INDICAR AO EXECUTIVO MUNICIPAL A NECESSIDADE DA CONSTRU\u00c7\u00c3O DE UM PO\u00c7O ARTESIANO NA LOCALIDADE DE OLHOS D&#8217;\u00c1GUA, AINDA NO PRESENTE ANO EM CURSO, HAJA VISTA QUE ALGUMAS DAS 16 FAM\u00cdLIAS QUE SER\u00c3O INICIALMENTE BENEFICIADAS, FICARAM PRATICAMENTE SEM \u00c1GUA NO FINAL DO ANO DE 2017.\r\n\t\t\tINSTA SALIENTAR QUE QUASE TODAS AS FAM\u00cdLIAS QUE ASSINAM A PRESENTE INDICA\u00c7\u00c3O, CONJUNTAMENTE COM O SUBSCRITOR, S\u00c3O CONSIDERADAS DE BAIXA RENDA, ISSO PORQUE VIVEM DA AGRICULTURA E PECU\u00c1RIA DE SUBSIST\u00caNCIA, N\u00c3O TENDO, ASSIM, RECURSOS PR\u00d3PRIOS PARA CUSTEAR A CONSTRU\u00c7\u00c3O DE UM PO\u00c7O ARTESIANO.\r\n\t\t\tVALE RESSALTAR QUE ESTA REIVINDICA\u00c7\u00c3O J\u00c1 FOI FEITA PELA COMUNIDADE NA ADMINISTRA\u00c7\u00c3O PASSADA, BEM COMO POR ESTE VEREADOR EM REUNI\u00c3O DATADA DE 19/10/2017, ISSO POR OCASI\u00c3O DA APROVA\u00c7\u00c3O DE PROJETO DE LEI PARA CONSTRU\u00c7\u00c3O DE PO\u00c7O ARTESIANO NA COMUNIDADE DE S\u00c3O JOS\u00c9 DAS MERC\u00caS.\r\n\t\t\tSEGUE, EM ANEXO, RELA\u00c7\u00c3O DAS FAM\u00cdLIAS INTERESSADAS, CONTENDO A ASSINATURA DE UM MEMBRO DE CADA FAM\u00cdLIA.\r\n","indexacao":"","observacao":"","resultado":"","texto_original":"http://sapl.entreriosdeminas.mg.leg.br/media/sapl/public/materialegislativa/2018/144/144_texto_integral.rtf","data_ultima_atualizacao":"2018-10-11T11:58:15.683024-03:00","ip":"","ultima_edicao":null,"tipo":8,"regime_tramitacao":1,"tipo_origem_externa":null,"local_origem_externa":null,"user":null,"anexadas":[],"autores":[]}