{"id":1626,"__str__":"Indica\u00e7\u00e3o n\u00ba 254 de 2023","link_detail_backend":"/materia/1626","metadata":{},"numero":254,"ano":2023,"numero_protocolo":null,"data_apresentacao":"2023-06-26","tipo_apresentacao":"E","data_publicacao":null,"numero_origem_externa":"","ano_origem_externa":null,"data_origem_externa":null,"apelido":"","dias_prazo":null,"data_fim_prazo":null,"em_tramitacao":false,"polemica":false,"objeto":"","complementar":false,"ementa":"Solicita que seja realizado a manuten\u00e7\u00e3o do quebra-molas que foi recentemente instalado na Av. Sagrados Cora\u00e7\u00f5es, pr\u00f3ximo a casa de Pe\u00e7as Irmaos Cardoso.\r\nInicialmente cumpre destacar que no local fora instalado placas de passagem elevada, por\u00e9m o que foi feito no local foi um quebra-molas, cujo o qual o mesmo n\u00e3o foi pintado, o que inclusive ocasionou um acidente com uma condutora de motocicleta no mesmo dia e posteriormente um novo acidente envolvendo um \u00f4nibus, o que al\u00e9m do dano material, tamb\u00e9m veio a machucar diversas pessoas.\r\nNeste sentido, venho esclarecer ainda que o referido quebra-mola al\u00e9m de ocasionar esses acidentes t\u00eam gerado preju\u00edzo aos condutores, que ao passarem pelo local danificam seus carros pela forma err\u00f4nea com que o mesmo fora feito.","indexacao":"quebra-molas, Av. Sagrados Cora\u00e7\u00f5es, manuten\u00e7\u00e3o","observacao":"","resultado":"","texto_original":"http://sapl.entreriosdeminas.mg.leg.br/media/sapl/public/materialegislativa/2023/1626/indicacao_no_254-2023.pdf","data_ultima_atualizacao":"2023-08-03T08:51:11.214941-03:00","ip":"179.108.234.95","ultima_edicao":"2023-08-03T08:49:04.337431-03:00","tipo":8,"regime_tramitacao":1,"tipo_origem_externa":null,"local_origem_externa":null,"user":15,"anexadas":[],"autores":[18]}