{"id":1635,"__str__":"Requerimento n\u00ba 64 de 2023","link_detail_backend":"/materia/1635","metadata":{},"numero":64,"ano":2023,"numero_protocolo":null,"data_apresentacao":"2023-07-04","tipo_apresentacao":"E","data_publicacao":null,"numero_origem_externa":"","ano_origem_externa":null,"data_origem_externa":null,"apelido":"","dias_prazo":null,"data_fim_prazo":null,"em_tramitacao":false,"polemica":false,"objeto":"","complementar":false,"ementa":"Requer a documenta\u00e7\u00e3o referente a todas as partes-di\u00e1rias recebidas pelos motoristas da Sa\u00fade no per\u00edodo correspondente ao ano de 2017 at\u00e9 o m\u00eas de dezembro de 2020, que tal documenta\u00e7\u00e3o seja encaminhada com todos os empenhos e requisi\u00e7\u00e3o destas, bem como a folha de ponto e marca\u00e7\u00e3o de viagem, que comprove a di\u00e1ria de cada motorista.","indexacao":"di\u00e1rias, motoristas da Sa\u00fade, folha de ponto, marca\u00e7\u00e3o de viagem","observacao":"","resultado":"","texto_original":"http://sapl.entreriosdeminas.mg.leg.br/media/sapl/public/materialegislativa/2023/1635/requerimento_no_64-2023.pdf","data_ultima_atualizacao":"2023-08-03T09:43:57.517144-03:00","ip":"179.108.234.95","ultima_edicao":"2023-08-03T09:41:59.318068-03:00","tipo":3,"regime_tramitacao":1,"tipo_origem_externa":null,"local_origem_externa":null,"user":15,"anexadas":[],"autores":[16]}