{"id":1637,"__str__":"Requerimento n\u00ba 66 de 2023","link_detail_backend":"/materia/1637","metadata":{},"numero":66,"ano":2023,"numero_protocolo":null,"data_apresentacao":"2023-07-04","tipo_apresentacao":"E","data_publicacao":null,"numero_origem_externa":"","ano_origem_externa":null,"data_origem_externa":null,"apelido":"","dias_prazo":null,"data_fim_prazo":null,"em_tramitacao":false,"polemica":false,"objeto":"","complementar":false,"ementa":"Requer informa\u00e7\u00f5es sobre a situa\u00e7\u00e3o de reforma dos grupos escolares que servem como se\u00e7\u00f5es eleitorais de nosso Munic\u00edpio, haja vista o decorrer do prazo que ficou estabelecido na reuni\u00e3o realizada entre os representantes da Administra\u00e7\u00e3o P\u00fablica, da 106\u00aa Zona Eleitoral do TRE-MG, bem como os representantes do Legislativo e ainda os l\u00edderes partid\u00e1rios desta cidade.\r\nNeste sentido, vale ressaltar que o nosso Munic\u00edpio se comprometeu em realizar um plano de revitaliza\u00e7\u00e3o/reforma destes pr\u00e9dios para que possamos manter tais se\u00e7\u00f5es em pleno funcionamento, fato que leva praticidade e comodidade \u00e0 nossa popula\u00e7\u00e3o da nossa Zona Rural.","indexacao":"situa\u00e7\u00e3o da reforma dos grupos escolares, zona eleitoral","observacao":"","resultado":"","texto_original":"http://sapl.entreriosdeminas.mg.leg.br/media/sapl/public/materialegislativa/2023/1637/requerimento_no_66-2023.pdf","data_ultima_atualizacao":"2023-08-03T09:49:22.590606-03:00","ip":"179.108.234.95","ultima_edicao":"2023-08-03T09:45:36.452843-03:00","tipo":3,"regime_tramitacao":1,"tipo_origem_externa":null,"local_origem_externa":null,"user":15,"anexadas":[],"autores":[34]}