{"id":1639,"__str__":"Requerimento n\u00ba 68 de 2023","link_detail_backend":"/materia/1639","metadata":{},"numero":68,"ano":2023,"numero_protocolo":null,"data_apresentacao":"2023-07-04","tipo_apresentacao":"E","data_publicacao":null,"numero_origem_externa":"","ano_origem_externa":null,"data_origem_externa":null,"apelido":"","dias_prazo":null,"data_fim_prazo":null,"em_tramitacao":false,"polemica":false,"objeto":"","complementar":false,"ementa":"Requer o relat\u00f3rio anual de pe\u00e7as de ve\u00edculos e m\u00e1quinas adquiridas pelo Poder Executivo, no per\u00edodo correspondente ao m\u00eas de janeiro de 2017 at\u00e9 o m\u00eas de dezembro de 2020.\r\nTal relat\u00f3rio dever\u00e1 ser disponibilizado de forma individual e discriminada de cada ve\u00edculo e M\u00e1quina pertencente ao Munic\u00edpio.","indexacao":"relat\u00f3rio, pe\u00e7as de ve\u00edculos","observacao":"","resultado":"","texto_original":"http://sapl.entreriosdeminas.mg.leg.br/media/sapl/public/materialegislativa/2023/1639/requerimento_no_68-2023.pdf","data_ultima_atualizacao":"2023-08-03T09:57:01.337398-03:00","ip":"179.108.234.95","ultima_edicao":"2023-08-03T09:50:51.863434-03:00","tipo":3,"regime_tramitacao":1,"tipo_origem_externa":null,"local_origem_externa":null,"user":15,"anexadas":[],"autores":[16]}