{"id":1693,"__str__":"Indica\u00e7\u00e3o n\u00ba 298 de 2023","link_detail_backend":"/materia/1693","metadata":{},"numero":298,"ano":2023,"numero_protocolo":null,"data_apresentacao":"2023-07-25","tipo_apresentacao":"E","data_publicacao":null,"numero_origem_externa":"","ano_origem_externa":null,"data_origem_externa":null,"apelido":"","dias_prazo":null,"data_fim_prazo":null,"em_tramitacao":false,"polemica":false,"objeto":"","complementar":false,"ementa":"Solicita que seja realizada a aplica\u00e7\u00e3o de \u00e1gua nas vias da comunidade Gameleira.\r\nTal a\u00e7\u00e3o justifica-se pela necessidade de apagar a poeira existente nas vias da mencionada comunidade, tendo em vista o per\u00edodo de seca que atravessamos, cujo qual \u00e9 prop\u00edcio que a poeira se propague mais facilmente.\r\nNeste sentido, ressalta-se ainda que a prolifera\u00e7\u00e3o de poeira al\u00e9m de disseminar a sujeira pelo bairro, afeta tamb\u00e9m a sa\u00fade dos moradores, tendo em vista as doen\u00e7as respirat\u00f3rias decorrentes desta poeira.\r\nOutro ponto a se destacar \u00e9 que atualmente h\u00e1 um grande fluxo de caminh\u00f5es no local, fato que ajuda ainda mais a propagar a poeira na mencionada via.\r\nDesta forma, requer que este Executivo realize a a\u00e7\u00e3o supra indicada, de forma a contemplar todo o bairro, fato que \u00e9 de extrema necessidade aos moradores daquela localidade.","indexacao":"Gameleira, \u00e1gua, poeira","observacao":"","resultado":"","texto_original":"http://sapl.entreriosdeminas.mg.leg.br/media/sapl/public/materialegislativa/2023/1693/indicacao_no_298-2023.pdf","data_ultima_atualizacao":"2023-08-24T09:59:14.467773-03:00","ip":"179.108.234.95","ultima_edicao":"2023-08-24T09:58:02.119481-03:00","tipo":8,"regime_tramitacao":1,"tipo_origem_externa":null,"local_origem_externa":null,"user":15,"anexadas":[],"autores":[27,16,34,29,18,32,35,19,30]}