{"id":220,"__str__":"Indica\u00e7\u00e3o n\u00ba 102 de 2018","link_detail_backend":"/materia/220","metadata":{},"numero":102,"ano":2018,"numero_protocolo":null,"data_apresentacao":"2018-06-07","tipo_apresentacao":"","data_publicacao":null,"numero_origem_externa":"","ano_origem_externa":null,"data_origem_externa":null,"apelido":"","dias_prazo":null,"data_fim_prazo":null,"em_tramitacao":true,"polemica":null,"objeto":"","complementar":null,"ementa":"O VEREADOR QUE A ESTA SUBSCREVE, NO USO DE SUAS ATRIBUI\u00c7\u00d5ES LEGAIS, VEM INDICAR AO EXECUTIVO MUNICIPAL A NECESSIDADE DA CORRETA SINALIZA\u00c7\u00c3O DA ENTRADA PRINCIPAL DESTA CIDADE - TREVO DA MGC 383 -, INCLUSIVE COM A RECOLOCA\u00c7\u00c3O DE PLACAS QUE FORAM ARRANCADAS DO LOCAL, BEM COMO EFETUAR A SINALIZA\u00c7\u00c3O DE PISO COM ILUMINA\u00c7\u00c3O ADEQUADA E A PINTURA DE FAIXAS DIVIS\u00d3RIAS AO LONGO DA AV. SAGRADOS CORA\u00c7\u00d5ES, NO BAIRRO SANTA EFIG\u00caNIA, PELO MENOS AT\u00c9 A PRA\u00c7A SITUADA EM FRENTE AO DEP\u00d3SITO COELHO E CAMPOS.\t\t\t\t\r\n                       A PRESENTE INDICA\u00c7\u00c3O \u00c9 FEITA A PEDIDO DE MORADORES DO REFERIDO BAIRRO, OS QUAIS RELATARAM QUE, POR SE TRATAR DE CORREDOR \u00daNICO DE ACESSO AO CENTRO DESTA CIDADE, O MOVIMENTO NO LOCAL TEM SIDO INTENSO E N\u00c3O RARAS VEZES S\u00c3O FEITAS CONVERS\u00d5ES ERRADAS COM CAUSA\u00c7\u00c3O DE ACIDENTES, OS QUAIS PODER\u00c3O SER EVITADOS COM A T\u00c3O ALMEJADA SINALIZA\u00c7\u00c3O E ILUMINA\u00c7\u00c3O ADEQUADAS\r\n","indexacao":"","observacao":"","resultado":"","texto_original":"http://sapl.entreriosdeminas.mg.leg.br/media/sapl/public/materialegislativa/2018/220/220_texto_integral.rtf","data_ultima_atualizacao":"2018-10-11T11:58:15.561574-03:00","ip":"","ultima_edicao":null,"tipo":8,"regime_tramitacao":1,"tipo_origem_externa":null,"local_origem_externa":null,"user":null,"anexadas":[],"autores":[]}