{"id":2271,"__str__":"Projeto de Lei Ordin\u00e1ria n\u00ba 24 de 2023","link_detail_backend":"/materia/2271","metadata":{},"numero":24,"ano":2023,"numero_protocolo":null,"data_apresentacao":"2023-05-02","tipo_apresentacao":"","data_publicacao":null,"numero_origem_externa":"","ano_origem_externa":null,"data_origem_externa":null,"apelido":"","dias_prazo":null,"data_fim_prazo":null,"em_tramitacao":false,"polemica":false,"objeto":"","complementar":false,"ementa":"\"Institui o Dia Municipal do Ter\u00e7o dos Homens\"","indexacao":"ter\u00e7o dos homens; calend\u00e1rio municipal; dia do ter\u00e7o; 08 de setembro; Legislativo Municipal; Ronivon","observacao":"","resultado":"","texto_original":"http://sapl.entreriosdeminas.mg.leg.br/media/sapl/public/materialegislativa/2023/2271/projeto_de_lei_n_24-2023.pdf","data_ultima_atualizacao":"2024-08-26T09:44:49.992547-03:00","ip":"179.108.234.95","ultima_edicao":"2024-08-26T09:34:29.647419-03:00","tipo":1,"regime_tramitacao":1,"tipo_origem_externa":null,"local_origem_externa":null,"user":16,"anexadas":[],"autores":[19]}