{"id":2293,"__str__":"Indica\u00e7\u00e3o n\u00ba 337 de 2024","link_detail_backend":"/materia/2293","metadata":{},"numero":337,"ano":2024,"numero_protocolo":null,"data_apresentacao":"2024-08-20","tipo_apresentacao":"","data_publicacao":null,"numero_origem_externa":"","ano_origem_externa":null,"data_origem_externa":null,"apelido":"","dias_prazo":null,"data_fim_prazo":null,"em_tramitacao":false,"polemica":false,"objeto":"","complementar":false,"ementa":"Solicita que seja realizada a liga\u00e7\u00e3o de \u00e1gua no coreto da Pra\u00e7a Antonio Morais, localizada no bairro Santa Efig\u00eania, local que \u00e9 utilizado diariamente pelos moradores do mencionado bairro.","indexacao":"Pra\u00e7a Ant\u00f4nio Morais; Bairro Santa Efig\u00eania; Coreto; liga\u00e7\u00e3o de \u00e1gua; Legislativo Municipal; Levi","observacao":"","resultado":"","texto_original":"http://sapl.entreriosdeminas.mg.leg.br/media/sapl/public/materialegislativa/2024/2293/indicacao_n_337-2024_levi.pdf","data_ultima_atualizacao":"2024-09-03T09:42:19.921167-03:00","ip":"179.108.234.95","ultima_edicao":"2024-09-03T09:28:43.610362-03:00","tipo":8,"regime_tramitacao":1,"tipo_origem_externa":null,"local_origem_externa":null,"user":16,"anexadas":[],"autores":[18]}