{"id":285,"__str__":"Projeto de Lei Ordin\u00e1ria n\u00ba 42 de 2019","link_detail_backend":"/materia/285","metadata":{},"numero":42,"ano":2019,"numero_protocolo":null,"data_apresentacao":"2019-12-10","tipo_apresentacao":"E","data_publicacao":null,"numero_origem_externa":"","ano_origem_externa":null,"data_origem_externa":null,"apelido":"","dias_prazo":null,"data_fim_prazo":null,"em_tramitacao":false,"polemica":null,"objeto":"","complementar":null,"ementa":"Autoriza a abertura de cr\u00e9dito especial e d\u00e1 outras provid\u00eancias","indexacao":"or\u00e7amento, abertura de cr\u00e9dito, suplementa\u00e7\u00e3o, cr\u00e9dito especial, financeiro, execu\u00e7\u00e3o or\u00e7ament\u00e1ria, poder executivo, jos\u00e9 walter","observacao":"","resultado":"","texto_original":"http://sapl.entreriosdeminas.mg.leg.br/media/sapl/public/materialegislativa/2019/285/projeto_de_lei_42-2019.pdf","data_ultima_atualizacao":"2020-05-27T11:48:26.763248-03:00","ip":"186.235.205.83","ultima_edicao":"2020-05-27T11:38:37.602038-03:00","tipo":1,"regime_tramitacao":1,"tipo_origem_externa":null,"local_origem_externa":null,"user":2,"anexadas":[],"autores":[10]}