{"id":2933,"__str__":"Projeto de Lei Ordin\u00e1ria n\u00ba 63 de 2025","link_detail_backend":"/materia/2933","metadata":{},"numero":63,"ano":2025,"numero_protocolo":null,"data_apresentacao":"2025-09-16","tipo_apresentacao":"","data_publicacao":null,"numero_origem_externa":"","ano_origem_externa":null,"data_origem_externa":null,"apelido":"","dias_prazo":null,"data_fim_prazo":null,"em_tramitacao":false,"polemica":false,"objeto":"","complementar":false,"ementa":"\"Institui, no \u00e2mbito do Munic\u00edpio de Entre Rios de Minas, canal de den\u00fancias para comunica\u00e7\u00e3o de pr\u00e1ticas lesivas ao meio ambiente, \u00e0 sa\u00fade p\u00fablica e \u00e0 ordem urbana, e d\u00e1 outras provid\u00eancias.\"","indexacao":"Canal de den\u00fancias; Meio Ambiente; Sa\u00fade P\u00fablica; Incendio; Infra\u00e7\u00f5es; Legislativo Municipal; Z\u00e9 Branco","observacao":"","resultado":"","texto_original":"http://sapl.entreriosdeminas.mg.leg.br/media/sapl/public/materialegislativa/2025/2933/projeto_de_lei_n_63-2025.pdf","data_ultima_atualizacao":"2025-10-22T10:56:55.033290-03:00","ip":"179.108.234.95","ultima_edicao":"2025-10-22T10:55:26.990328-03:00","tipo":1,"regime_tramitacao":1,"tipo_origem_externa":null,"local_origem_externa":null,"user":16,"anexadas":[],"autores":[46]}