{"id":2991,"__str__":"Projeto de Lei Ordin\u00e1ria n\u00ba 68 de 2025","link_detail_backend":"/materia/2991","metadata":{},"numero":68,"ano":2025,"numero_protocolo":null,"data_apresentacao":"2025-10-09","tipo_apresentacao":"","data_publicacao":null,"numero_origem_externa":"","ano_origem_externa":null,"data_origem_externa":null,"apelido":"","dias_prazo":null,"data_fim_prazo":null,"em_tramitacao":false,"polemica":false,"objeto":"","complementar":false,"ementa":"\"Institui no Munic\u00edpio de Entre Rios de Minas a Semana Municipal da Educa\u00e7\u00e3o e d\u00e1 outras provid\u00eancias.\"","indexacao":"Semana Municipal da Educa\u00e7\u00e3o; Educa\u00e7\u00e3o Entre Rios de Minas; Executivo Municipal; Thiago Itamar Santos Villa\u00e7a","observacao":"","resultado":"","texto_original":"http://sapl.entreriosdeminas.mg.leg.br/media/sapl/public/materialegislativa/2025/2991/projeto_de_lei_n_68.pdf","data_ultima_atualizacao":"2025-12-11T16:43:56.828420-03:00","ip":"179.108.234.95","ultima_edicao":"2025-12-11T16:42:47.442046-03:00","tipo":1,"regime_tramitacao":1,"tipo_origem_externa":null,"local_origem_externa":null,"user":16,"anexadas":[],"autores":[]}