{"id":308,"__str__":"Projeto de Lei Ordin\u00e1ria n\u00ba 46 de 2018","link_detail_backend":"/materia/308","metadata":{},"numero":46,"ano":2018,"numero_protocolo":null,"data_apresentacao":"2018-11-22","tipo_apresentacao":"E","data_publicacao":null,"numero_origem_externa":"","ano_origem_externa":null,"data_origem_externa":null,"apelido":"","dias_prazo":null,"data_fim_prazo":null,"em_tramitacao":false,"polemica":null,"objeto":"","complementar":null,"ementa":"Disp\u00f5e sobre a obrigatoriedade da apresenta\u00e7\u00e3o do Cart\u00e3o de Vacina\u00e7\u00e3o para matr\u00edcula de alunos na Rede de Ensino do Munic\u00edpio de Entre Rios de Minas e d\u00e1 outras provid\u00eancias.","indexacao":"CARTAO DE VACINA\u00c7AO, RONIVON ALVES DE SOUZA, RONI, RONI ENFERMEIRO, ALUNOS DA REDE, MATRICULA, OBRIGATORIEDADE, ESCOLAS, MUNICIPIO","observacao":"","resultado":"","texto_original":"http://sapl.entreriosdeminas.mg.leg.br/media/sapl/public/materialegislativa/2018/308/projeto_de_lei_no_46-2018.pdf","data_ultima_atualizacao":"2020-06-26T12:13:59.669822-03:00","ip":"186.235.205.83","ultima_edicao":"2020-06-26T12:12:08.679120-03:00","tipo":1,"regime_tramitacao":1,"tipo_origem_externa":null,"local_origem_externa":null,"user":2,"anexadas":[],"autores":[19]}