{"id":3197,"__str__":"Projeto de Lei Ordin\u00e1ria n\u00ba 21 de 2026","link_detail_backend":"/materia/3197","metadata":{},"numero":21,"ano":2026,"numero_protocolo":null,"data_apresentacao":"2026-04-27","tipo_apresentacao":"E","data_publicacao":null,"numero_origem_externa":"","ano_origem_externa":null,"data_origem_externa":null,"apelido":"","dias_prazo":null,"data_fim_prazo":null,"em_tramitacao":true,"polemica":false,"objeto":"","complementar":false,"ementa":"\"Autoriza o Poder Executivo Municipal a celebrar parceria entre a administra\u00e7\u00e3o p\u00fablica municipal e a organiza\u00e7\u00e3o da sociedade civil Associa\u00e7\u00e3o Comunit\u00e1ria S\u00e3o Jos\u00e9 das Neves, conforme disposto na Lei Federal n\u00b0 13.019/2014, com a reda\u00e7\u00e3o dada pela Lei n\u00b0 13.204/2015\".","indexacao":"Subven\u00e7\u00e3o Social\r\nACONEVES\r\nFesta Rua do Fogo","observacao":"","resultado":"","texto_original":"http://sapl.entreriosdeminas.mg.leg.br/media/sapl/public/materialegislativa/2026/3197/projeto_de_lei_no_21-2026_-_executivo_municipal.pdf","data_ultima_atualizacao":"2026-04-28T12:54:18.290283-03:00","ip":"179.108.234.95","ultima_edicao":"2026-04-28T12:37:53.530444-03:00","tipo":1,"regime_tramitacao":2,"tipo_origem_externa":null,"local_origem_externa":null,"user":9,"anexadas":[],"autores":[30]}