{"id":387,"__str__":"Indica\u00e7\u00e3o n\u00ba 20 de 2021","link_detail_backend":"/materia/387","metadata":{},"numero":20,"ano":2021,"numero_protocolo":null,"data_apresentacao":"2021-01-18","tipo_apresentacao":"E","data_publicacao":null,"numero_origem_externa":"","ano_origem_externa":null,"data_origem_externa":null,"apelido":"","dias_prazo":null,"data_fim_prazo":null,"em_tramitacao":false,"polemica":false,"objeto":"","complementar":false,"ementa":"Providenciar a corre\u00e7\u00e3o da drenagem das vias asfaltadas na comunidade do Col\u00f4nia, bem como das estradas do entorno, uma vez que a \u00e1gua pluvial est\u00e1 desfazendo o asfalto nas margens. Se poss\u00edvel, em aten\u00e7\u00e3o ao pedido da popula\u00e7\u00e3o, que possam implantar uma cacimba no morro que d\u00e1 acesso \u00e0 comunidade, o qual faz com que a \u00e1gua acesse, em grande vaz\u00e3o, a via pavimentada, sendo necess\u00e1ria a aten\u00e7\u00e3o em todo o trecho.\r\nA exemplo da comunidade, o comprometimento da pavimenta\u00e7\u00e3o pela \u00e1gua pluvial tamb\u00e9m ocorre no Morro do Apr\u00edgio Lima, no Mata Bois, onde o escoamento da chuva tem prejudicado as margens da via, sendo necess\u00e1ria a corre\u00e7\u00e3o das margens, por meio da implanta\u00e7\u00e3o de manilhas ou sarjetas para evitar que o trabalho executado pelo Munic\u00edpio seja danificado.\r\nNa Vargem do Engenho, na Rua Amador de Souza Le\u00e3o, tamb\u00e9m j\u00e1 existem preju\u00edzos aos asfalto recentemente implantado, provocados pela \u00e1gua pluvial, sendo, portanto, necess\u00e1ria a aten\u00e7\u00e3o do Munic\u00edpio.","indexacao":"col\u00f4nia, morro do apr\u00edgio lima, mata bois, rua amador de souza le\u00e3o, vargem do engenho, juquinha do t\u00e1xi, drenagem, asfalto, obras, jose resende moura","observacao":"","resultado":"","texto_original":"http://sapl.entreriosdeminas.mg.leg.br/media/sapl/public/materialegislativa/2021/387/indicacao_no_20_-_2021.pdf","data_ultima_atualizacao":"2021-03-23T09:26:22.447034-03:00","ip":"201.162.103.219","ultima_edicao":"2021-03-23T09:24:12.877153-03:00","tipo":8,"regime_tramitacao":1,"tipo_origem_externa":null,"local_origem_externa":null,"user":2,"anexadas":[],"autores":[29]}