{"id":467,"__str__":"Indica\u00e7\u00e3o n\u00ba 101 de 2021","link_detail_backend":"/materia/467","metadata":{},"numero":101,"ano":2021,"numero_protocolo":null,"data_apresentacao":"2021-03-12","tipo_apresentacao":"E","data_publicacao":null,"numero_origem_externa":"","ano_origem_externa":null,"data_origem_externa":null,"apelido":"","dias_prazo":null,"data_fim_prazo":null,"em_tramitacao":false,"polemica":false,"objeto":"","complementar":false,"ementa":"Que o Munic\u00edpio possa desenvolver uma pol\u00edtica p\u00fablica de aten\u00e7\u00e3o direta \u00e0 mulher de nossa cidade, planejando a\u00e7\u00f5es para os pr\u00f3ximos anos em rela\u00e7\u00e3o aos pontos de maior demanda pela valoriza\u00e7\u00e3o da figura feminina nas seguintes esferas, entre outras:\r\n- Promo\u00e7\u00e3o da sa\u00fade da mulher, na aten\u00e7\u00e3o b\u00e1sica e especializada;\r\n- Profissionaliza\u00e7\u00e3o e integra\u00e7\u00e3o da mulher ao mercado de trabalho;\r\n- Seguran\u00e7a da mulher e combate \u00e0 viol\u00eancia dom\u00e9stica;\r\n- Amplia\u00e7\u00e3o da participa\u00e7\u00e3o da mulher nas esferas do governo e na vida p\u00fablica do Munic\u00edpio;\r\n- Amplia\u00e7\u00e3o da assist\u00eancia \u00e0s mulheres de baixa renda, em especial chefes de fam\u00edlia;\r\n- Integra\u00e7\u00e3o da mulher do campo \u00e0s pr\u00e1ticas produtivas e gera\u00e7\u00e3o de renda.\r\nSe poss\u00edvel, que o Executivo possa encaminhar a esta Casa um projeto de lei contendo diretrizes para a aplica\u00e7\u00e3o das a\u00e7\u00f5es pelos pr\u00f3ximos 10 anos, materializando os princ\u00edpios que porventura venham a ser desenvolvidos.","indexacao":"mulher, pol\u00edtica p\u00fablica, aten\u00e7\u00e3o direta, participa\u00e7\u00e3o pol\u00edtica, viol\u00eancia dom\u00e9stica, feminina, thiago itamar, ted, levi da costa campos, roni enfermeiro, ronivon, joao gon\u00e7alves de resende, joao cricri, denis andrade diniz, rivael nunes machado, rodrigo de paula, rodrigo do tico, larissa rodrigues oliveira, juquinha do t\u00e1xi, jose resende moura, dia da mulher, plano municipal","observacao":"","resultado":"","texto_original":"http://sapl.entreriosdeminas.mg.leg.br/media/sapl/public/materialegislativa/2021/467/indicacao_no_101_-_2021_.pdf","data_ultima_atualizacao":"2021-03-29T10:10:37.669460-03:00","ip":"201.162.103.205","ultima_edicao":"2021-03-29T10:07:12.825843-03:00","tipo":8,"regime_tramitacao":1,"tipo_origem_externa":null,"local_origem_externa":null,"user":2,"anexadas":[],"autores":[27,34,29,31,18,32,35,19,30]}