{"id":494,"__str__":"Indica\u00e7\u00e3o n\u00ba 126 de 2021","link_detail_backend":"/materia/494","metadata":{},"numero":126,"ano":2021,"numero_protocolo":null,"data_apresentacao":"2021-03-30","tipo_apresentacao":"E","data_publicacao":null,"numero_origem_externa":"","ano_origem_externa":null,"data_origem_externa":null,"apelido":"","dias_prazo":null,"data_fim_prazo":null,"em_tramitacao":false,"polemica":false,"objeto":"","complementar":false,"ementa":"Que seja realizado o recapeamento na Avenida Sagradas Cora\u00e7\u00f5es, altura n\u00b0 665. Isso porque, existem buracos na via, conforme demonstra a imagem anexa, que t\u00eam gerado alto risco da ocorr\u00eancia de danos para os que trafegam no local.","indexacao":"Larissa Rodrigues, Avenida Sagrados Cora\u00e7\u00f5es, recapeamento, pavimenta\u00e7\u00e3o","observacao":"","resultado":"","texto_original":"http://sapl.entreriosdeminas.mg.leg.br/media/sapl/public/materialegislativa/2021/494/indicacao_no_126_-_2021_.pdf","data_ultima_atualizacao":"2021-04-12T10:19:14.831858-03:00","ip":"187.73.95.71","ultima_edicao":"2021-04-12T10:17:25.859624-03:00","tipo":8,"regime_tramitacao":1,"tipo_origem_externa":null,"local_origem_externa":null,"user":2,"anexadas":[],"autores":[31]}