{"id":556,"__str__":"Indica\u00e7\u00e3o n\u00ba 169 de 2021","link_detail_backend":"/materia/556","metadata":{},"numero":169,"ano":2021,"numero_protocolo":null,"data_apresentacao":"2021-04-27","tipo_apresentacao":"E","data_publicacao":null,"numero_origem_externa":"","ano_origem_externa":null,"data_origem_externa":null,"apelido":"","dias_prazo":null,"data_fim_prazo":null,"em_tramitacao":false,"polemica":false,"objeto":"","complementar":false,"ementa":"Solicita que o Munic\u00edpio tome provid\u00eancias concretas no tocante \u00e0 limpeza e  revitaliza\u00e7\u00e3o dos espa\u00e7os pertencentes ao Grupo Escolar da Comunidade dos Faleiros e, tamb\u00e9m, em seus arredores. O local se encontra abandonado j\u00e1 h\u00e1 muitos anos, de modo a ser essencial a interven\u00e7\u00e3o do Poder P\u00fablico Municipal. Nesse contexto, destaca-se que o art. 12, do C\u00f3digo de Posturas Municipal, veda a exist\u00eancia de terrenos cobertos de matos e/ou abandonados.","indexacao":"limpeza e revitaliza\u00e7\u00e3o do espa\u00e7o do Grupo Escolar dos Faleiros, Grupo Escolar Faleiros, Levi da Costa Campos","observacao":"","resultado":"","texto_original":null,"data_ultima_atualizacao":"2022-08-30T14:30:19.541811-03:00","ip":"187.73.95.30","ultima_edicao":"2022-08-30T14:27:06.299566-03:00","tipo":8,"regime_tramitacao":1,"tipo_origem_externa":null,"local_origem_externa":null,"user":13,"anexadas":[],"autores":[18]}