{"headers": {"id": "ID", "ano": "Ano", "numero": "N\u00famero", "tipo__sigla": "Tipo de Mat\u00e9ria Legislativa/Sigla", "tipo__descricao": "Tipo de Mat\u00e9ria Legislativa/Descri\u00e7\u00e3o", "autoria": "Autorias", "texto_original": "Texto Original", "ementa": "Ementa"}, "results": [{"id": "79", "ano": "2015", "numero": "1", "tipo__sigla": "PRE", "tipo__descricao": "Projeto de Resolu\u00e7\u00e3o", "autoria": "", "texto_original": "http://sapl.entreriosdeminas.mg.leg.br/media/./sapl/public/materialegislativa/2015/79/79_texto_integral.docx", "ementa": "\r\nDISP\u00d5E SOBRE A REVIS\u00c3O GERAL DE VENCIMENTOS DOS SERVIDORES P\u00daBLICOS DA C\u00c2MARA MUNICIPAL DE ENTRE RIOS DE MINAS E D\u00c1 OUTRAS PROVID\u00caNCIAS.\r\n\r\n\r\n\r\n\r\n\r\n"}, {"id": "80", "ano": "2015", "numero": "2", "tipo__sigla": "PRE", "tipo__descricao": "Projeto de Resolu\u00e7\u00e3o", "autoria": "", "texto_original": "http://sapl.entreriosdeminas.mg.leg.br/media/./sapl/public/materialegislativa/2015/80/80_texto_integral.rtf", "ementa": "ACRESCENTA O INCISO I AO ARTIGO 53 DO REGIMENTO INTERNO E D\u00c1 OUTRAS PROVID\u00caNCIAS."}, {"id": "81", "ano": "2015", "numero": "3", "tipo__sigla": "PRE", "tipo__descricao": "Projeto de Resolu\u00e7\u00e3o", "autoria": "", "texto_original": "http://sapl.entreriosdeminas.mg.leg.br/media/./sapl/public/materialegislativa/2015/81/81_texto_integral.rtf", "ementa": "DISP\u00d5E SOBRE CREDENCIAMENTO DE TAXI PARA ATENDER NECESSIDADES DE LOCOMO\u00c7\u00c3O DE PRESTADORES DE SERVI\u00c7OS, SERVIDORES E VEREADORES E D\u00c1 OUTRAS PROVID\u00caNCIAS.\r\n"}, {"id": "82", "ano": "2015", "numero": "4", "tipo__sigla": "PRE", "tipo__descricao": "Projeto de Resolu\u00e7\u00e3o", "autoria": "", "texto_original": "http://sapl.entreriosdeminas.mg.leg.br/media/./sapl/public/materialegislativa/2015/82/82_texto_integral.rtf", "ementa": "DISP\u00d5E SOBRE O OR\u00c7AMENTO DA C\u00c2MARA MUNICIPAL DE ENTRE RIOS DE MINAS PARA O EXERC\u00cdCIO FINANCEIRO  DE 2016 E D\u00c1 OUTRAS PROVID\u00caNCIAS.\r\n"}, {"id": "83", "ano": "2015", "numero": "5", "tipo__sigla": "PRE", "tipo__descricao": "Projeto de Resolu\u00e7\u00e3o", "autoria": "", "texto_original": "http://sapl.entreriosdeminas.mg.leg.br/media/./sapl/public/materialegislativa/2015/83/83_texto_integral.rtf", "ementa": "DISP\u00d5E SOBRE GRAVA\u00c7\u00c3O DE \u00c1UDIO E V\u00cdDEO DURANTE AS REUNI\u00d5ES DA C\u00c2MARA E D\u00c1 OUTRAS PROVID\u00caNCIAS."}]}