{"headers": {"id": "ID", "ano": "Ano", "numero": "N\u00famero", "tipo__sigla": "Tipo de Mat\u00e9ria Legislativa/Sigla", "tipo__descricao": "Tipo de Mat\u00e9ria Legislativa/Descri\u00e7\u00e3o", "autoria": "Autorias", "texto_original": "Texto Original", "ementa": "Ementa"}, "results": [{"id": "281", "ano": "2020", "numero": "12", "tipo__sigla": "PLO", "tipo__descricao": "Projeto de Lei Ordin\u00e1ria", "autoria": "Jos\u00e9 Walter Resende Aguiar", "texto_original": "http://sapl.entreriosdeminas.mg.leg.br/media/sapl/public/materialegislativa/2020/281/projeto_de_lei_12-2020.pdf", "ementa": "Autoriza o Poder Executivo Municipal a celebrar parceria entre a administra\u00e7\u00e3o p\u00fablica municipal e a organiza\u00e7\u00e3o da sociedade civil ASILO DONA ALZIRA  RIBEIRO, conforme disposto na Lei Federal n\u00b0 13.019/2014, com a reda\u00e7\u00e3o dada pela Lei n\u00b0 13.204/2015"}]}