{"headers": {"id": "ID", "ano": "Ano", "numero": "N\u00famero", "tipo__sigla": "Tipo de Mat\u00e9ria Legislativa/Sigla", "tipo__descricao": "Tipo de Mat\u00e9ria Legislativa/Descri\u00e7\u00e3o", "autoria": "Autorias", "texto_original": "Texto Original", "ementa": "Ementa"}, "results": [{"id": "278", "ano": "2020", "numero": "6", "tipo__sigla": "PLC", "tipo__descricao": "Projeto de Lei Complementar", "autoria": "Roni Enfermeiro, Ant\u00f4nio Bituri do T\u00e1xi, Cl\u00e1udio da Patrol, Karina Vasconcelos, Levi da Costa Campos", "texto_original": "http://sapl.entreriosdeminas.mg.leg.br/media/sapl/public/materialegislativa/2020/278/lei_complementar_1841-2020_-_mensagem_e_projeto_de_lei.pdf", "ementa": "Disp\u00f5e sobre a revoga\u00e7\u00e3o da Lei Complementar n\u00b0 1.808, de 16 de abril de 2019, que altera disposi\u00e7\u00f5es do C\u00f3digo Tribut\u00e1rio do Munic\u00edpio de Entre Rios de Minas e d\u00e1 outras provid\u00eancias"}, {"id": "277", "ano": "2020", "numero": "4", "tipo__sigla": "PLO", "tipo__descricao": "Projeto de Lei Ordin\u00e1ria", "autoria": "Jos\u00e9 Walter Resende Aguiar", "texto_original": "http://sapl.entreriosdeminas.mg.leg.br/media/sapl/public/materialegislativa/2020/277/lei_1837_projeto_de_lei_n04_-2020.pdf", "ementa": "Autoriza o Poder Executivo Municipal a abrir cr\u00e9dito suplementar para transfer\u00eancia de recursos financeiros para o refor\u00e7o do custeio das a\u00e7\u00f5es e servi\u00e7os de sa\u00fade destinada ao Hospital Cassiano Campolina, conforme Resolu\u00e7\u00e3o SES/MG n\u00b0 6.822 de 30 de agosto de 2019"}, {"id": "311", "ano": "2020", "numero": "7", "tipo__sigla": "PLO", "tipo__descricao": "Projeto de Lei Ordin\u00e1ria", "autoria": "Ant\u00f4nio Bituri do T\u00e1xi", "texto_original": "http://sapl.entreriosdeminas.mg.leg.br/media/sapl/public/materialegislativa/2020/311/lei_1852_-_2020_projeto_de_lei_n07.pdf", "ementa": "Altera o nome de logradouro p\u00fablico e d\u00e1 outras provid\u00eancias."}, {"id": "299", "ano": "2020", "numero": "11", "tipo__sigla": "PLO", "tipo__descricao": "Projeto de Lei Ordin\u00e1ria", "autoria": "Jos\u00e9 Walter Resende Aguiar", "texto_original": "http://sapl.entreriosdeminas.mg.leg.br/media/sapl/public/materialegislativa/2020/299/lei_1849_-2020_projeto_de_lei_n11.pdf", "ementa": "Disp\u00f5e sobre as diretrizes para a elabora\u00e7\u00e3o da Lei Or\u00e7ament\u00e1ria de 2021 e d\u00e1 outras provid\u00eancias."}, {"id": "283", "ano": "2020", "numero": "13", "tipo__sigla": "PLO", "tipo__descricao": "Projeto de Lei Ordin\u00e1ria", "autoria": "Jos\u00e9 Walter Resende Aguiar", "texto_original": "http://sapl.entreriosdeminas.mg.leg.br/media/sapl/public/materialegislativa/2020/283/lei_1845_-2020_oficio_n092.pdf", "ementa": "Autoriza abertura de cr\u00e9dito especial e d\u00e1 outras provid\u00eancias."}, {"id": "282", "ano": "2020", "numero": "14", "tipo__sigla": "PLO", "tipo__descricao": "Projeto de Lei Ordin\u00e1ria", "autoria": "Jos\u00e9 Walter Resende Aguiar", "texto_original": "http://sapl.entreriosdeminas.mg.leg.br/media/sapl/public/materialegislativa/2020/282/lei_1844-_2020_oficio_n091.pdf", "ementa": "Autoriza o Poder Executivo Municipal a celebrar parceria entre a administra\u00e7\u00e3o p\u00fablica municipal e a organiza\u00e7\u00e3o da sociedade civil denominada ASSOCIA\u00c7\u00c3O DE PAIS E AMIGOS DOS EXCEPCIONAIS DE ENTRE RIOS DE MINAS APAE/ERM, conforme disposto na Lei Federal n\u00b0 13.019/2014, com a reda\u00e7\u00e3o dada pela Lei n\u00b0 13.204/2015"}, {"id": "296", "ano": "2020", "numero": "15", "tipo__sigla": "PLO", "tipo__descricao": "Projeto de Lei Ordin\u00e1ria", "autoria": "Jos\u00e9 Walter Resende Aguiar", "texto_original": "http://sapl.entreriosdeminas.mg.leg.br/media/sapl/public/materialegislativa/2020/296/lei_1846_-2020_projeto_de_lei_n15.pdf", "ementa": "Altera a reda\u00e7\u00e3o do inciso II, do art. 4\u00b0 da Lei Municipal n\u00b0 1830/2019 e d\u00e1 outras provid\u00eancias."}, {"id": "297", "ano": "2020", "numero": "16", "tipo__sigla": "PLO", "tipo__descricao": "Projeto de Lei Ordin\u00e1ria", "autoria": "Jos\u00e9 Walter Resende Aguiar", "texto_original": "http://sapl.entreriosdeminas.mg.leg.br/media/sapl/public/materialegislativa/2020/297/lei_1847_-_2020_oficio_n103__.pdf", "ementa": "Disp\u00f5e sobre a concess\u00e3o de pagamento proporcional de Alvar\u00e1 de Localiza\u00e7\u00e3o e Fiscaliza\u00e7\u00e3o de Funcionamento no \u00e2mbito do Munic\u00edpio de Entre Rios de Minas em raz\u00e3o da pandemia causada pelo novo Coronav\u00edrus (COVID-19)"}, {"id": "298", "ano": "2020", "numero": "17", "tipo__sigla": "PLO", "tipo__descricao": "Projeto de Lei Ordin\u00e1ria", "autoria": "Jos\u00e9 Walter Resende Aguiar", "texto_original": "http://sapl.entreriosdeminas.mg.leg.br/media/sapl/public/materialegislativa/2020/298/lei_1848_-2020_projeto_de_lei_n17.pdf", "ementa": "Autoriza abertura de cr\u00e9dito especial e d\u00e1 outras provid\u00eancias"}, {"id": "309", "ano": "2020", "numero": "18", "tipo__sigla": "PLO", "tipo__descricao": "Projeto de Lei Ordin\u00e1ria", "autoria": "Jos\u00e9 Walter Resende Aguiar", "texto_original": "http://sapl.entreriosdeminas.mg.leg.br/media/sapl/public/materialegislativa/2020/309/projeto_de_lei_no_18-2020.pdf", "ementa": "Ratifica o 5\u00b0 Termo Aditivo ao Contrato de Cons\u00f3rcio do CODAP \u2014 Cons\u00f3rcio P\u00fablico para o Desenvolvimento do Alto Paraopeba"}, {"id": "310", "ano": "2020", "numero": "19", "tipo__sigla": "PLO", "tipo__descricao": "Projeto de Lei Ordin\u00e1ria", "autoria": "Jos\u00e9 Walter Resende Aguiar", "texto_original": "http://sapl.entreriosdeminas.mg.leg.br/media/sapl/public/materialegislativa/2020/310/projeto_de_lei_no_19-2020.pdf", "ementa": "Denomina logradouro p\u00fablico que menciona e d\u00e1 outras provid\u00eancias"}, {"id": "312", "ano": "2020", "numero": "21", "tipo__sigla": "PLO", "tipo__descricao": "Projeto de Lei Ordin\u00e1ria", "autoria": "Jos\u00e9 Walter Resende Aguiar", "texto_original": "http://sapl.entreriosdeminas.mg.leg.br/media/sapl/public/materialegislativa/2020/312/projeto_de_lei_no_21-2020.pdf", "ementa": "Autoriza abertura de cr\u00e9dito suplementar e d\u00e1 outras provid\u00eancias"}, {"id": "314", "ano": "2020", "numero": "22", "tipo__sigla": "PLO", "tipo__descricao": "Projeto de Lei Ordin\u00e1ria", "autoria": "Jos\u00e9 Walter Resende Aguiar", "texto_original": "http://sapl.entreriosdeminas.mg.leg.br/media/sapl/public/materialegislativa/2020/314/projeto_de_lei_no_22-2020_1.pdf", "ementa": "Autoriza abertura de cr\u00e9dito especial e d\u00e1 outras provid\u00eancias"}]}