{"headers": {"id": "ID", "ano": "Ano", "numero": "N\u00famero", "tipo__sigla": "Tipo de Mat\u00e9ria Legislativa/Sigla", "tipo__descricao": "Tipo de Mat\u00e9ria Legislativa/Descri\u00e7\u00e3o", "autoria": "Autorias", "texto_original": "Texto Original", "ementa": "Ementa"}, "results": [{"id": "478", "ano": "2021", "numero": "112", "tipo__sigla": "IND", "tipo__descricao": "Indica\u00e7\u00e3o", "autoria": "Rivael Nunes Machado", "texto_original": "http://sapl.entreriosdeminas.mg.leg.br/media/sapl/public/materialegislativa/2021/478/indicacao_no_112_-_2021.pdf", "ementa": "A exemplo da revitaliza\u00e7\u00e3o realizada pela Prefeitura no portal da cidade, na entrada da Avenida Sagrados Cora\u00e7\u00f5es, Bairro Santa Efig\u00eania, solicita-se que o Munic\u00edpio tamb\u00e9m promova a revitaliza\u00e7\u00e3o da placa alocada na bifurca\u00e7\u00e3o entre as MGs 383 e 270, no trevo de baixo da cidade, se poss\u00edvel utilizando da mesma estrutura j\u00e1 existente para as boas vindas aos cidad\u00e3os que entram em nossa cidade. Interessante aproveitar a mesma estrutura, dentro das possibilidades, a fim de evitar novos custos, se poss\u00edvel pintando ou plotando a placa existente demonstrando o devido cuidado que a entrada de nossa cidade merece. Desde j\u00e1 agradecemos."}]}