{"headers": {"id": "ID", "ano": "Ano", "numero": "N\u00famero", "tipo__sigla": "Tipo de Mat\u00e9ria Legislativa/Sigla", "tipo__descricao": "Tipo de Mat\u00e9ria Legislativa/Descri\u00e7\u00e3o", "autoria": "Autorias", "texto_original": "Texto Original", "ementa": "Ementa"}, "results": [{"id": "2918", "ano": "2025", "numero": "49", "tipo__sigla": "PLO", "tipo__descricao": "Projeto de Lei Ordin\u00e1ria", "autoria": "Lucas Dias Advogado", "texto_original": "http://sapl.entreriosdeminas.mg.leg.br/media/sapl/public/materialegislativa/2025/2918/projeto_de_lei_n_49-2025.pdf", "ementa": "\"Institui o Dia Municipal da Sa\u00fade Mental no Munic\u00edpio de Entre Rios de Minas-MG, e d\u00e1 outras provid\u00eancias.\""}]}