{"headers": {"id": "ID", "ano": "Ano", "numero": "N\u00famero", "tipo__sigla": "Tipo de Mat\u00e9ria Legislativa/Sigla", "tipo__descricao": "Tipo de Mat\u00e9ria Legislativa/Descri\u00e7\u00e3o", "autoria": "Autorias", "texto_original": "Texto Original", "ementa": "Ementa"}, "results": [{"id": "3099", "ano": "2026", "numero": "10", "tipo__sigla": "PLO", "tipo__descricao": "Projeto de Lei Ordin\u00e1ria", "autoria": "Thiago Itamar \"Ted\"", "texto_original": "http://sapl.entreriosdeminas.mg.leg.br/media/sapl/public/materialegislativa/2026/3099/projeto_de_lei_no_10-2026_-_executivo_municipal.pdf", "ementa": "Autoriza o Poder Executivo Municipal a celebrar parceria entre a administra\u00e7\u00e3o p\u00fablica municipal e a organiza\u00e7\u00e3o da sociedade civil denominada ASSOCIA\u00c7\u00c3O CULTURAL VOZES DE ENTRE RIOS DE MINAS, conforme disposto na Lei Federal n\u00b0 13.019/2014, com a reda\u00e7\u00e3o dada pela Lei n\u00b0 13.204/2015"}, {"id": "3104", "ano": "2026", "numero": "11", "tipo__sigla": "PLO", "tipo__descricao": "Projeto de Lei Ordin\u00e1ria", "autoria": "Thiago Itamar \"Ted\"", "texto_original": "http://sapl.entreriosdeminas.mg.leg.br/media/sapl/public/materialegislativa/2026/3104/projeto_de_lei_no_11-2026_-_executivo_municipal.pdf", "ementa": "\"Autoriza o Poder Executivo Municipal a celebrar parceria entre a administra\u00e7\u00e3o p\u00fablica municipal e a organiza\u00e7\u00e3o da sociedade civil denominada ASSOCIA\u00c7\u00c3O DE CICLISMO DE ENTRE RIOS DE MINAS, conforme disposto na Lei Federal n\u00b0 13.019/2014, com a reda\u00e7\u00e3o dada pela Lei n\u00b0 13.204/2015\"."}, {"id": "3197", "ano": "2026", "numero": "21", "tipo__sigla": "PLO", "tipo__descricao": "Projeto de Lei Ordin\u00e1ria", "autoria": "Thiago Itamar \"Ted\"", "texto_original": "http://sapl.entreriosdeminas.mg.leg.br/media/sapl/public/materialegislativa/2026/3197/projeto_de_lei_no_21-2026_-_executivo_municipal.pdf", "ementa": "\"Autoriza o Poder Executivo Municipal a celebrar parceria entre a administra\u00e7\u00e3o p\u00fablica municipal e a organiza\u00e7\u00e3o da sociedade civil Associa\u00e7\u00e3o Comunit\u00e1ria S\u00e3o Jos\u00e9 das Neves, conforme disposto na Lei Federal n\u00b0 13.019/2014, com a reda\u00e7\u00e3o dada pela Lei n\u00b0 13.204/2015\"."}]}